{"id":1213,"date":"2023-10-13T08:52:23","date_gmt":"2023-10-13T06:52:23","guid":{"rendered":"https:\/\/www.aggstein.org\/?p=1213"},"modified":"2023-10-13T08:59:31","modified_gmt":"2023-10-13T06:59:31","slug":"ein-band-ein-deckel","status":"publish","type":"post","link":"https:\/\/www.aggstein.org\/?p=1213","title":{"rendered":"Ein Band, ein Deckel\u00a0"},"content":{"rendered":"\n<p><strong>Bischof Schwarz nun Schwarz-Blau-Gold<\/strong><\/p>\n\n\n\n<p>&#8222;Mutig und Wahr, treu immerdar&#8220; ist ab sofort nun auch der Wahlspruch von Di\u00f6zesanbischof Dr. Alois Schwarz.&nbsp;<\/p>\n\n\n\n<figure class=\"wp-block-image size-large\"><img loading=\"lazy\" decoding=\"async\" width=\"683\" height=\"1024\" src=\"https:\/\/www.aggstein.org\/wp-content\/uploads\/20231006_AGP_Bischofskommers_PJH_4336-683x1024.jpg\" alt=\"\" class=\"wp-image-1215\" style=\"object-fit:cover\" srcset=\"https:\/\/www.aggstein.org\/wp-content\/uploads\/20231006_AGP_Bischofskommers_PJH_4336-683x1024.jpg 683w, https:\/\/www.aggstein.org\/wp-content\/uploads\/20231006_AGP_Bischofskommers_PJH_4336-200x300.jpg 200w, https:\/\/www.aggstein.org\/wp-content\/uploads\/20231006_AGP_Bischofskommers_PJH_4336-1024x1536.jpg 1024w, https:\/\/www.aggstein.org\/wp-content\/uploads\/20231006_AGP_Bischofskommers_PJH_4336-1365x2048.jpg 1365w, https:\/\/www.aggstein.org\/wp-content\/uploads\/20231006_AGP_Bischofskommers_PJH_4336-1200x1800.jpg 1200w, https:\/\/www.aggstein.org\/wp-content\/uploads\/20231006_AGP_Bischofskommers_PJH_4336-1320x1980.jpg 1320w, https:\/\/www.aggstein.org\/wp-content\/uploads\/20231006_AGP_Bischofskommers_PJH_4336-scaled.jpg 1707w\" sizes=\"auto, (max-width: 709px) 85vw, (max-width: 909px) 67vw, (max-width: 984px) 61vw, (max-width: 1362px) 45vw, 600px\" \/><figcaption class=\"wp-element-caption\">Foto: Peter J. Hamberger<\/figcaption><\/figure>\n\n\n\n<p>Am 6.10.2023&nbsp; erhielt das geistliche Oberhaupt der Di\u00f6zese von der \u00e4ltesten katholischen Studentenverbindung der Landeshauptstadt im Sommerrefektorium des Domes zu St. P\u00f6lten nun Band und Deckel verliehen.<\/p>\n\n\n<div class=\"wp-block-image\">\n<figure class=\"aligncenter size-large\"><img loading=\"lazy\" decoding=\"async\" width=\"1024\" height=\"683\" src=\"https:\/\/www.aggstein.org\/wp-content\/uploads\/20231006_AGP_Bischofskommers_PJH_4345-1024x683.jpg\" alt=\"\" class=\"wp-image-1214\" style=\"object-fit:cover\" srcset=\"https:\/\/www.aggstein.org\/wp-content\/uploads\/20231006_AGP_Bischofskommers_PJH_4345-1024x683.jpg 1024w, https:\/\/www.aggstein.org\/wp-content\/uploads\/20231006_AGP_Bischofskommers_PJH_4345-300x200.jpg 300w, https:\/\/www.aggstein.org\/wp-content\/uploads\/20231006_AGP_Bischofskommers_PJH_4345-1536x1024.jpg 1536w, https:\/\/www.aggstein.org\/wp-content\/uploads\/20231006_AGP_Bischofskommers_PJH_4345-2048x1365.jpg 2048w, https:\/\/www.aggstein.org\/wp-content\/uploads\/20231006_AGP_Bischofskommers_PJH_4345-1200x800.jpg 1200w, https:\/\/www.aggstein.org\/wp-content\/uploads\/20231006_AGP_Bischofskommers_PJH_4345-1320x880.jpg 1320w\" sizes=\"auto, (max-width: 709px) 85vw, (max-width: 909px) 67vw, (max-width: 1362px) 62vw, 840px\" \/><figcaption class=\"wp-element-caption\">Foto: Peter J. Hamberger<\/figcaption><\/figure>\n<\/div>\n\n\n<p>Die kurzweilige Laudatio hielt der Superior von Mariazell, Pater Michael Staberl, seines Zeichens ebenfalls bei der Aggstein korporiert. Mit dem Bild des guten Hirten zieht der Superior einen Bogen \u00fcber das Leben und Wirken von Bischof Schwarz und beschlie\u00dft die Laudatio mit der Verkn\u00fcpfung zu den Bandfarben Aggsteins &#8222;Schwarz ist dein Name und blau\/gold deine Heimat Nieder\u00f6sterreich!&#8220;&nbsp;<\/p>\n\n\n\n<p>Sprachlos blieb der Bischof nicht sehr lange, denn in seiner Dankesrede freut er sich, dazugeh\u00f6ren zu d\u00fcrfen. Einmal geht ein guter Hirte voran und zeigt der Herde den Weg, danach kann er auf seine Herde vertrauen und beruhigt folgen. So m\u00f6chte es der Bischof auch weiterhin halten.<\/p>\n","protected":false},"excerpt":{"rendered":"<p>Bischof Schwarz nun Schwarz-Blau-Gold &#8222;Mutig und Wahr, treu immerdar&#8220; ist ab sofort nun auch der Wahlspruch von Di\u00f6zesanbischof Dr. Alois Schwarz.&nbsp; Am 6.10.2023&nbsp; erhielt das geistliche Oberhaupt der Di\u00f6zese von der \u00e4ltesten katholischen Studentenverbindung der Landeshauptstadt im Sommerrefektorium des Domes zu St. P\u00f6lten nun Band und Deckel verliehen. Die kurzweilige Laudatio hielt der Superior von &hellip; <a href=\"https:\/\/www.aggstein.org\/?p=1213\" class=\"more-link\"><span class=\"screen-reader-text\">\u201eEin Band, ein Deckel\u00a0\u201c<\/span> weiterlesen<\/a><\/p>\n","protected":false},"author":2,"featured_media":0,"comment_status":"closed","ping_status":"closed","sticky":false,"template":"","format":"standard","meta":{"footnotes":""},"categories":[1],"tags":[],"class_list":["post-1213","post","type-post","status-publish","format-standard","hentry","category-allgemein"],"_links":{"self":[{"href":"https:\/\/www.aggstein.org\/index.php?rest_route=\/wp\/v2\/posts\/1213","targetHints":{"allow":["GET"]}}],"collection":[{"href":"https:\/\/www.aggstein.org\/index.php?rest_route=\/wp\/v2\/posts"}],"about":[{"href":"https:\/\/www.aggstein.org\/index.php?rest_route=\/wp\/v2\/types\/post"}],"author":[{"embeddable":true,"href":"https:\/\/www.aggstein.org\/index.php?rest_route=\/wp\/v2\/users\/2"}],"replies":[{"embeddable":true,"href":"https:\/\/www.aggstein.org\/index.php?rest_route=%2Fwp%2Fv2%2Fcomments&post=1213"}],"version-history":[{"count":5,"href":"https:\/\/www.aggstein.org\/index.php?rest_route=\/wp\/v2\/posts\/1213\/revisions"}],"predecessor-version":[{"id":1221,"href":"https:\/\/www.aggstein.org\/index.php?rest_route=\/wp\/v2\/posts\/1213\/revisions\/1221"}],"wp:attachment":[{"href":"https:\/\/www.aggstein.org\/index.php?rest_route=%2Fwp%2Fv2%2Fmedia&parent=1213"}],"wp:term":[{"taxonomy":"category","embeddable":true,"href":"https:\/\/www.aggstein.org\/index.php?rest_route=%2Fwp%2Fv2%2Fcategories&post=1213"},{"taxonomy":"post_tag","embeddable":true,"href":"https:\/\/www.aggstein.org\/index.php?rest_route=%2Fwp%2Fv2%2Ftags&post=1213"}],"curies":[{"name":"wp","href":"https:\/\/api.w.org\/{rel}","templated":true}]}}